{"id":23386,"date":"2026-09-02T11:39:17","date_gmt":"2026-09-02T15:39:17","guid":{"rendered":"https:\/\/boxingcanada.org\/announcements\/photos-de-la-coupe-du-monde-en-chine-enfin\/"},"modified":"2026-09-02T11:46:42","modified_gmt":"2026-09-02T15:46:42","slug":"photos-de-la-coupe-du-monde-en-chine-enfin","status":"publish","type":"post","link":"https:\/\/boxingcanada.org\/fr\/announcements\/photos-de-la-coupe-du-monde-en-chine-enfin\/","title":{"rendered":"Photos de la Coupe du monde en Chine (enfin !)"},"content":{"rendered":"<p>Nous avons enfin r\u00e9ussi \u00e0 trouver quelques photos de nos athl\u00e8tes qui ont particip\u00e9 \u00e0 la Coupe du monde en Chine, du 15 au 21 juin 2026, et y ont remport\u00e9 une m\u00e9daille d&rsquo;argent.<\/p>\n<p><img loading=\"lazy\" decoding=\"async\" class=\"alignnone size-medium wp-image-23388\" src=\"https:\/\/boxingcanada.org\/wp-content\/uploads\/2026\/09\/Tamara-T-Zoomed-179x300.jpeg\" alt=\"\" width=\"179\" height=\"300\" srcset=\"https:\/\/boxingcanada.org\/wp-content\/uploads\/2026\/09\/Tamara-T-Zoomed-179x300.jpeg 179w, https:\/\/boxingcanada.org\/wp-content\/uploads\/2026\/09\/Tamara-T-Zoomed.jpeg 521w\" sizes=\"auto, (max-width: 179px) 100vw, 179px\" \/><\/p>\n<p>N&rsquo;h\u00e9sitez pas \u00e0 consulter notre <a href=\"https:\/\/www.flickr.com\/photos\/141138985@N07\/albums\">compte Flickr<\/a> pour d\u00e9couvrir ces photos, ainsi que celles des \u00e9v\u00e9nements pr\u00e9c\u00e9dents, des intronisations au panth\u00e9on et bien plus encore.<\/p>\n<p>&nbsp;<\/p>\n","protected":false},"excerpt":{"rendered":"<p>Nous avons enfin r\u00e9ussi \u00e0 trouver quelques photos de nos athl\u00e8tes qui ont particip\u00e9 \u00e0 la Coupe du monde en Chine, du 15 au 21 juin 2026, et y ont remport\u00e9 une m\u00e9daille d&rsquo;argent. N&rsquo;h\u00e9sitez pas \u00e0 consulter notre compte [&hellip;]<\/p>\n","protected":false},"author":7,"featured_media":0,"comment_status":"closed","ping_status":"closed","sticky":false,"template":"","format":"standard","meta":{"iawp_total_views":0,"footnotes":""},"categories":[716,1455,1459],"tags":[],"class_list":["post-23386","post","type-post","status-publish","format-standard","hentry","category-announcements","category-athlete-fr","category-results-fr"],"_links":{"self":[{"href":"https:\/\/boxingcanada.org\/fr\/wp-json\/wp\/v2\/posts\/23386","targetHints":{"allow":["GET"]}}],"collection":[{"href":"https:\/\/boxingcanada.org\/fr\/wp-json\/wp\/v2\/posts"}],"about":[{"href":"https:\/\/boxingcanada.org\/fr\/wp-json\/wp\/v2\/types\/post"}],"author":[{"embeddable":true,"href":"https:\/\/boxingcanada.org\/fr\/wp-json\/wp\/v2\/users\/7"}],"replies":[{"embeddable":true,"href":"https:\/\/boxingcanada.org\/fr\/wp-json\/wp\/v2\/comments?post=23386"}],"version-history":[{"count":1,"href":"https:\/\/boxingcanada.org\/fr\/wp-json\/wp\/v2\/posts\/23386\/revisions"}],"predecessor-version":[{"id":23391,"href":"https:\/\/boxingcanada.org\/fr\/wp-json\/wp\/v2\/posts\/23386\/revisions\/23391"}],"wp:attachment":[{"href":"https:\/\/boxingcanada.org\/fr\/wp-json\/wp\/v2\/media?parent=23386"}],"wp:term":[{"taxonomy":"category","embeddable":true,"href":"https:\/\/boxingcanada.org\/fr\/wp-json\/wp\/v2\/categories?post=23386"},{"taxonomy":"post_tag","embeddable":true,"href":"https:\/\/boxingcanada.org\/fr\/wp-json\/wp\/v2\/tags?post=23386"}],"curies":[{"name":"wp","href":"https:\/\/api.w.org\/{rel}","templated":true}]}}